{"id":2561,"date":"2020-04-18T19:57:00","date_gmt":"2020-04-18T19:57:00","guid":{"rendered":"http:\/\/grillotamaulipeco.com\/?p=2561"},"modified":"2020-05-02T19:58:27","modified_gmt":"2020-05-02T19:58:27","slug":"reparto-de-despensas-en-alvarado-propicio-riesgo-sanitario","status":"publish","type":"post","link":"https:\/\/grillotamaulipeco.com\/index.php\/2020\/04\/18\/reparto-de-despensas-en-alvarado-propicio-riesgo-sanitario\/","title":{"rendered":"Reparto de despensas en Alvarado propici\u00f3 riesgo sanitario"},"content":{"rendered":"\n<p><strong>Fuera del inmueble se formaron largas filas en donde las personas no guardaron la distancia adecuada, tampoco usaron cubrebocas o alguna otra indumentaria que los protegiera.<\/strong><\/p>\n\n\n\n<p>Veracruz, Ver.-&nbsp; La entrega de despensas por parte del Ayuntamiento de Alvarado propici\u00f3 que varias personas se congregaran a las afuera de la Unidad Deportiva &#8220;Miguel Alem\u00e1n&#8221;, sin tomar ninguna medida para prevenir contagios de coronavirus.<\/p>\n\n\n\n<p>En redes sociales el Ayuntamiento presumi\u00f3 la entrega de los apoyos en dicho recinto, en donde se observan fotograf\u00edas con al menos a un centenar de personas guardando la sana distancia.<\/p>\n\n\n\n<p>Sin embargo, fuera del inmueble se formaron largas filas en donde las personas no guardaron la distancia adecuada, tampoco usaron cubrebocas o alguna otra indumentaria que los protegiera.<\/p>\n\n\n\n<p>Al evento acudieron personas de todas las edades, incluida poblaci\u00f3n vulnerable o catalogada de riesgo en caso de contraer el virus SARS-CoV2.<\/p>\n\n\n\n<p>En el municipio de Alvarado se registra una de las siete muertes en el estado de Veracruz por covid-19, de acuerdo con el reporte epidemiol\u00f3gico de la Secretar\u00eda de Salud.<\/p>\n\n\n\n<p>Hasta el 16 de abril, este municipio registraba dos casos positivos de covid-19, as\u00ed como cuatro pacientes bajo vigilancia m\u00e9dica por ser considerados como casos sospechosos.<\/p>\n\n\n\n<p>A la entrega de los apoyos fueron convocadas personas de colonias de la cabecera municipal, as\u00ed como de localidades cercanas como Salinas y Arbolillo; en su mayor\u00eda de oficio pescadores, taxistas y alba\u00f1iles.<\/p>\n\n\n\n<p>e-CV<\/p>\n","protected":false},"excerpt":{"rendered":"<p>Fuera del inmueble se formaron largas filas en donde las personas no guardaron la distancia adecuada, tampoco usaron cubrebocas o alguna otra indumentaria que los protegiera.<span class=\"excerpt-hellip\"> [\u2026]<\/span><\/p>\n","protected":false},"author":1,"featured_media":2562,"comment_status":"open","ping_status":"open","sticky":false,"template":"","format":"standard","meta":[],"categories":[4],"tags":[],"_links":{"self":[{"href":"https:\/\/grillotamaulipeco.com\/index.php\/wp-json\/wp\/v2\/posts\/2561"}],"collection":[{"href":"https:\/\/grillotamaulipeco.com\/index.php\/wp-json\/wp\/v2\/posts"}],"about":[{"href":"https:\/\/grillotamaulipeco.com\/index.php\/wp-json\/wp\/v2\/types\/post"}],"author":[{"embeddable":true,"href":"https:\/\/grillotamaulipeco.com\/index.php\/wp-json\/wp\/v2\/users\/1"}],"replies":[{"embeddable":true,"href":"https:\/\/grillotamaulipeco.com\/index.php\/wp-json\/wp\/v2\/comments?post=2561"}],"version-history":[{"count":1,"href":"https:\/\/grillotamaulipeco.com\/index.php\/wp-json\/wp\/v2\/posts\/2561\/revisions"}],"predecessor-version":[{"id":2563,"href":"https:\/\/grillotamaulipeco.com\/index.php\/wp-json\/wp\/v2\/posts\/2561\/revisions\/2563"}],"wp:featuredmedia":[{"embeddable":true,"href":"https:\/\/grillotamaulipeco.com\/index.php\/wp-json\/wp\/v2\/media\/2562"}],"wp:attachment":[{"href":"https:\/\/grillotamaulipeco.com\/index.php\/wp-json\/wp\/v2\/media?parent=2561"}],"wp:term":[{"taxonomy":"category","embeddable":true,"href":"https:\/\/grillotamaulipeco.com\/index.php\/wp-json\/wp\/v2\/categories?post=2561"},{"taxonomy":"post_tag","embeddable":true,"href":"https:\/\/grillotamaulipeco.com\/index.php\/wp-json\/wp\/v2\/tags?post=2561"}],"curies":[{"name":"wp","href":"https:\/\/api.w.org\/{rel}","templated":true}]}}