{"id":22507,"date":"2026-09-01T13:36:13","date_gmt":"2026-09-01T19:36:13","guid":{"rendered":"https:\/\/grillotamaulipeco.com\/?p=22507"},"modified":"2026-09-01T13:36:15","modified_gmt":"2026-09-01T19:36:15","slug":"revisara-la-corte-el-registro-obligatorio-de-celulares","status":"publish","type":"post","link":"https:\/\/grillotamaulipeco.com\/index.php\/2026\/09\/01\/revisara-la-corte-el-registro-obligatorio-de-celulares\/","title":{"rendered":"Revisar\u00e1 la Corte el registro obligatorio de celulares"},"content":{"rendered":"\n<p>Agencias<\/p>\n\n\n\n<p>Ciudad de M\u00e9xico (1 de septiembre de 2026).- La Suprema Corte de Justicia de la Naci\u00f3n admiti\u00f3 este lunes 31 de agosto de 2026 a tr\u00e1mite un recurso que le permitir\u00e1 aclarar si es constitucional la obligaci\u00f3n de que todas las l\u00edneas de telefon\u00eda celular est\u00e9n asociadas a un usuario plenamente identificado.<\/p>\n\n\n\n<p>El Gobierno federal estableci\u00f3 en la ley la necesidad de que los usuarios registren su l\u00ednea telef\u00f3nica con sus datos personales. La medida busca vincular cada n\u00famero a una persona f\u00edsica o moral y eliminar el anonimato en el servicio.<\/p>\n\n\n\n<p>La Corte analizar\u00e1 si esta disposici\u00f3n cumple con los par\u00e1metros constitucionales en materia de privacidad y protecci\u00f3n de datos. El recurso fue admitido en sesi\u00f3n del alto tribunal y se turnar\u00e1 para su estudio de fondo.<\/p>\n\n\n\n<p>De acuerdo con la informaci\u00f3n disponible, el registro implica la presentaci\u00f3n de identificaci\u00f3n oficial y CURP. Las empresas de telefon\u00eda son las responsables de resguardar la informaci\u00f3n y de proceder a la deshabilitaci\u00f3n de las l\u00edneas que no se vinculen dentro de los plazos establecidos.<\/p>\n\n\n\n<p>El proceso de vinculaci\u00f3n se ha implementado de manera gradual conforme al \u00faltimo d\u00edgito del n\u00famero telef\u00f3nico. La Suprema Corte revisar\u00e1 los alcances de la norma y los posibles efectos sobre los derechos de los usuarios.<\/p>\n\n\n\n<p>Hasta el momento no se ha fijado fecha para la resoluci\u00f3n definitiva del asunto. La admisi\u00f3n a tr\u00e1mite permite que las partes presenten argumentos y que el tribunal determine si la medida es compatible con el marco constitucional vigente.<\/p>\n\n\n\n<p>La obligaci\u00f3n de identificaci\u00f3n de l\u00edneas m\u00f3viles forma parte de las acciones regulatorias impulsadas en el sector de telecomunicaciones. El an\u00e1lisis de la Corte se centrar\u00e1 en la proporcionalidad de la medida y en las garant\u00edas para los titulares de las l\u00edneas.<\/p>\n","protected":false},"excerpt":{"rendered":"<p>Agencias Ciudad de M\u00e9xico (1 de septiembre de 2026).- La Suprema Corte de Justicia de la Naci\u00f3n admiti\u00f3 este lunes 31 de agosto de 2026 a<span class=\"excerpt-hellip\"> [\u2026]<\/span><\/p>\n","protected":false},"author":6,"featured_media":22508,"comment_status":"closed","ping_status":"closed","sticky":false,"template":"","format":"standard","meta":[],"categories":[17],"tags":[],"_links":{"self":[{"href":"https:\/\/grillotamaulipeco.com\/index.php\/wp-json\/wp\/v2\/posts\/22507"}],"collection":[{"href":"https:\/\/grillotamaulipeco.com\/index.php\/wp-json\/wp\/v2\/posts"}],"about":[{"href":"https:\/\/grillotamaulipeco.com\/index.php\/wp-json\/wp\/v2\/types\/post"}],"author":[{"embeddable":true,"href":"https:\/\/grillotamaulipeco.com\/index.php\/wp-json\/wp\/v2\/users\/6"}],"replies":[{"embeddable":true,"href":"https:\/\/grillotamaulipeco.com\/index.php\/wp-json\/wp\/v2\/comments?post=22507"}],"version-history":[{"count":1,"href":"https:\/\/grillotamaulipeco.com\/index.php\/wp-json\/wp\/v2\/posts\/22507\/revisions"}],"predecessor-version":[{"id":22509,"href":"https:\/\/grillotamaulipeco.com\/index.php\/wp-json\/wp\/v2\/posts\/22507\/revisions\/22509"}],"wp:featuredmedia":[{"embeddable":true,"href":"https:\/\/grillotamaulipeco.com\/index.php\/wp-json\/wp\/v2\/media\/22508"}],"wp:attachment":[{"href":"https:\/\/grillotamaulipeco.com\/index.php\/wp-json\/wp\/v2\/media?parent=22507"}],"wp:term":[{"taxonomy":"category","embeddable":true,"href":"https:\/\/grillotamaulipeco.com\/index.php\/wp-json\/wp\/v2\/categories?post=22507"},{"taxonomy":"post_tag","embeddable":true,"href":"https:\/\/grillotamaulipeco.com\/index.php\/wp-json\/wp\/v2\/tags?post=22507"}],"curies":[{"name":"wp","href":"https:\/\/api.w.org\/{rel}","templated":true}]}}