{"id":22504,"date":"2026-09-01T13:33:52","date_gmt":"2026-09-01T19:33:52","guid":{"rendered":"https:\/\/grillotamaulipeco.com\/?p=22504"},"modified":"2026-09-01T13:33:54","modified_gmt":"2026-09-01T19:33:54","slug":"higinio-martinez-es-designado-nuevo-presidente-del-senado","status":"publish","type":"post","link":"https:\/\/grillotamaulipeco.com\/index.php\/2026\/09\/01\/higinio-martinez-es-designado-nuevo-presidente-del-senado\/","title":{"rendered":"Higinio Mart\u00ednez es designado nuevo presidente del Senado"},"content":{"rendered":"\n<p>Agencias<\/p>\n\n\n\n<p>Ciudad de M\u00e9xico (1 de septiembre de 2026).- Tal como se hab\u00eda acordado al interior de Morena durante el fin de semana, el Senado de la Rep\u00fablica design\u00f3 este lunes 31 de agosto de 2026 a Higinio Mart\u00ednez Miranda como presidente de la Mesa Directiva. El legislador por el Estado de M\u00e9xico asumir\u00e1 el cargo a partir del 1 de septiembre para el tercer a\u00f1o de la LXVI Legislatura.<\/p>\n\n\n\n<p>Mart\u00ednez sustituye a Laura Itzel Castillo Ju\u00e1rez, quien concluy\u00f3 su periodo al frente de la C\u00e1mara Alta. La elecci\u00f3n se realiz\u00f3 conforme a los acuerdos internos de la bancada mayoritaria y se formaliz\u00f3 en sesi\u00f3n del pleno.<\/p>\n\n\n\n<p>El senador mexiquense es uno de los fundadores del llamado Grupo Texcoco y cuenta con una trayectoria de d\u00e9cadas en la pol\u00edtica. Tras la designaci\u00f3n, se comprometi\u00f3 a conducir los trabajos con apego al reglamento y a brindar un trato equitativo a todas las fuerzas parlamentarias.<\/p>\n\n\n\n<p>En la misma sesi\u00f3n se eligieron tambi\u00e9n a otros integrantes de la Mesa Directiva, entre ellos a Ver\u00f3nica Camino Farjat como vicepresidenta. La votaci\u00f3n se llev\u00f3 a cabo de manera un\u00e1nime al interior de Morena y con el respaldo de sus aliados.<\/p>\n\n\n\n<p>Higinio Mart\u00ednez hab\u00eda expresado d\u00edas antes su disposici\u00f3n a buscar el consenso entre los grupos parlamentarios. En declaraciones posteriores a la designaci\u00f3n, se\u00f1al\u00f3 que su labor se centrar\u00e1 en mantener el orden en el pleno y en facilitar el di\u00e1logo legislativo.<\/p>\n\n\n\n<p>La Mesa Directiva del Senado se renueva cada a\u00f1o y tiene a su cargo la conducci\u00f3n de las sesiones, la representaci\u00f3n institucional de la C\u00e1mara y la organizaci\u00f3n de los debates. El nuevo presidente asume el cargo en un periodo que incluye el inicio del siguiente periodo ordinario de sesiones.<\/p>\n\n\n\n<p>Las bancadas de oposici\u00f3n participaron en la votaci\u00f3n formal del pleno. Con esta designaci\u00f3n se cierra el proceso de relevo que se ven\u00eda negociando desde semanas atr\u00e1s al interior de la mayor\u00eda parlamentaria.<\/p>\n","protected":false},"excerpt":{"rendered":"<p>Agencias Ciudad de M\u00e9xico (1 de septiembre de 2026).- Tal como se hab\u00eda acordado al interior de Morena durante el fin de semana, el Senado de<span class=\"excerpt-hellip\"> [\u2026]<\/span><\/p>\n","protected":false},"author":6,"featured_media":22505,"comment_status":"closed","ping_status":"closed","sticky":false,"template":"","format":"standard","meta":[],"categories":[17],"tags":[],"_links":{"self":[{"href":"https:\/\/grillotamaulipeco.com\/index.php\/wp-json\/wp\/v2\/posts\/22504"}],"collection":[{"href":"https:\/\/grillotamaulipeco.com\/index.php\/wp-json\/wp\/v2\/posts"}],"about":[{"href":"https:\/\/grillotamaulipeco.com\/index.php\/wp-json\/wp\/v2\/types\/post"}],"author":[{"embeddable":true,"href":"https:\/\/grillotamaulipeco.com\/index.php\/wp-json\/wp\/v2\/users\/6"}],"replies":[{"embeddable":true,"href":"https:\/\/grillotamaulipeco.com\/index.php\/wp-json\/wp\/v2\/comments?post=22504"}],"version-history":[{"count":1,"href":"https:\/\/grillotamaulipeco.com\/index.php\/wp-json\/wp\/v2\/posts\/22504\/revisions"}],"predecessor-version":[{"id":22506,"href":"https:\/\/grillotamaulipeco.com\/index.php\/wp-json\/wp\/v2\/posts\/22504\/revisions\/22506"}],"wp:featuredmedia":[{"embeddable":true,"href":"https:\/\/grillotamaulipeco.com\/index.php\/wp-json\/wp\/v2\/media\/22505"}],"wp:attachment":[{"href":"https:\/\/grillotamaulipeco.com\/index.php\/wp-json\/wp\/v2\/media?parent=22504"}],"wp:term":[{"taxonomy":"category","embeddable":true,"href":"https:\/\/grillotamaulipeco.com\/index.php\/wp-json\/wp\/v2\/categories?post=22504"},{"taxonomy":"post_tag","embeddable":true,"href":"https:\/\/grillotamaulipeco.com\/index.php\/wp-json\/wp\/v2\/tags?post=22504"}],"curies":[{"name":"wp","href":"https:\/\/api.w.org\/{rel}","templated":true}]}}