{"id":22498,"date":"2026-08-31T13:26:00","date_gmt":"2026-08-31T19:26:00","guid":{"rendered":"https:\/\/grillotamaulipeco.com\/?p=22498"},"modified":"2026-09-01T13:27:40","modified_gmt":"2026-09-01T19:27:40","slug":"arranca-secretario-de-salud-ciclo-escolar-2026-2027-en-victoria","status":"publish","type":"post","link":"https:\/\/grillotamaulipeco.com\/index.php\/2026\/08\/31\/arranca-secretario-de-salud-ciclo-escolar-2026-2027-en-victoria\/","title":{"rendered":"Arranca secretario de Salud ciclo escolar 2026-2027 en Victoria"},"content":{"rendered":"\n<p>En representaci\u00f3n del gobernador Am\u00e9rico Villarreal Anaya, el secretario de Salud, Ricardo Gerardo Guerrero Morales, encabez\u00f3 el arranque del ciclo escolar 2026-2027 en la escuela primaria \u201cFord 74\u201d de esta ciudad, donde entreg\u00f3 libros de texto y paquetes de \u00fatiles escolares.<\/p>\n\n\n\n<p>De manera simult\u00e1nea y para tener presencia en cada rinc\u00f3n del estado, esta jornada educativa dio inicio en los 43 municipios de Tamaulipas, sum\u00e1ndose as\u00ed a los m\u00e1s de 22 millones de ni\u00f1as y ni\u00f1os que se reincorporan a clases en todo el pa\u00eds.<\/p>\n\n\n\n<p>\u201cEn este ciclo escolar, en el que m\u00e1s de 22 millones de alumnas y alumnos inician sus clases, el gobernador Am\u00e9rico Villarreal Anaya se encuentra en el municipio de Soto la Marina; por ello, me dio la responsabilidad de presidir esta importante ceremonia en este plantel, donde su directora, su equipo y el secretario de Educaci\u00f3n han realizado una excelente labor\u201d, se\u00f1al\u00f3 el secretario de Salud durante su participaci\u00f3n.<\/p>\n\n\n\n<p>Indic\u00f3 que este a\u00f1o refleja el gran cambio educativo que vive Tamaulipas y la visi\u00f3n humanista del gobernador, quien ha dado prioridad a la educaci\u00f3n al incrementar los apoyos que benefician a 31 municipios del estado con mobiliario, \u00fatiles escolares y uniformes.<\/p>\n\n\n\n<p>\u201cEn el estado se han destinado recursos para la mejora de las escuelas, en cumplimiento de los objetivos de la Nueva Escuela Mexicana. Prueba de ello son tambi\u00e9n las becas Benito Ju\u00e1rez, que desde hace varios a\u00f1os se entregan a las y los alumnos de preparatoria, y con el respaldo de nuestra presidenta, Claudia Sheinbaum Pardo, ahora contamos con una beca universal, la beca Rita Cetina, que beneficia a todas las ni\u00f1as, ni\u00f1os y j\u00f3venes de las escuelas de todo el pa\u00eds y de Tamaulipas\u201d, destac\u00f3 Guerrero Morales.<\/p>\n\n\n\n<p>Por su parte, el presidente municipal, Eduardo Gatt\u00e1s B\u00e1ez, reconoci\u00f3 el compromiso del gobernador Am\u00e9rico Villarreal Anaya con el municipio, reflejado en obras y en el respaldo a las y los victorenses, y exhort\u00f3 a las ni\u00f1as y ni\u00f1os de esta escuela primaria a disfrutar esta etapa y a \u201cnunca permitir que nada ni nadie les robe sus sue\u00f1os\u201d.<\/p>\n\n\n\n<p>Al arranque de este ciclo escolar 2026-2027 asistieron la diputada Yuriria Iturbe V\u00e1zquez, presidenta de la Comisi\u00f3n de Educaci\u00f3n del Honorable Congreso del Estado de Tamaulipas; la directora de la escuela primaria \u201cFord 74\u201d, Luz Mar\u00eda L\u00f3pez Leal; en representaci\u00f3n del secretario de Educaci\u00f3n, Miguel \u00c1ngel Valdez Garc\u00eda, el titular del Centro Regional de Desarrollo Educativo de Victoria, Juan Vital Rom\u00e1n Mart\u00ednez; el coordinador de la Regi\u00f3n VI de la Secci\u00f3n 30 del SNTE, Rub\u00e9n Othoniel Jim\u00e9nez Cort\u00e9s; as\u00ed como la alumna Regina Guadalupe Becerra Cruz y la presidenta de la Asociaci\u00f3n de Madres, Padres de Familia y Tutores del plantel, Xyhommara Tggy Cervantes Pe\u00f1a.<\/p>\n","protected":false},"excerpt":{"rendered":"<p>En representaci\u00f3n del gobernador Am\u00e9rico Villarreal Anaya, el secretario de Salud, Ricardo Gerardo Guerrero Morales, encabez\u00f3 el arranque del ciclo escolar 2026-2027 en la escuela primaria<span class=\"excerpt-hellip\"> [\u2026]<\/span><\/p>\n","protected":false},"author":6,"featured_media":22499,"comment_status":"closed","ping_status":"closed","sticky":false,"template":"","format":"standard","meta":[],"categories":[4],"tags":[],"_links":{"self":[{"href":"https:\/\/grillotamaulipeco.com\/index.php\/wp-json\/wp\/v2\/posts\/22498"}],"collection":[{"href":"https:\/\/grillotamaulipeco.com\/index.php\/wp-json\/wp\/v2\/posts"}],"about":[{"href":"https:\/\/grillotamaulipeco.com\/index.php\/wp-json\/wp\/v2\/types\/post"}],"author":[{"embeddable":true,"href":"https:\/\/grillotamaulipeco.com\/index.php\/wp-json\/wp\/v2\/users\/6"}],"replies":[{"embeddable":true,"href":"https:\/\/grillotamaulipeco.com\/index.php\/wp-json\/wp\/v2\/comments?post=22498"}],"version-history":[{"count":1,"href":"https:\/\/grillotamaulipeco.com\/index.php\/wp-json\/wp\/v2\/posts\/22498\/revisions"}],"predecessor-version":[{"id":22500,"href":"https:\/\/grillotamaulipeco.com\/index.php\/wp-json\/wp\/v2\/posts\/22498\/revisions\/22500"}],"wp:featuredmedia":[{"embeddable":true,"href":"https:\/\/grillotamaulipeco.com\/index.php\/wp-json\/wp\/v2\/media\/22499"}],"wp:attachment":[{"href":"https:\/\/grillotamaulipeco.com\/index.php\/wp-json\/wp\/v2\/media?parent=22498"}],"wp:term":[{"taxonomy":"category","embeddable":true,"href":"https:\/\/grillotamaulipeco.com\/index.php\/wp-json\/wp\/v2\/categories?post=22498"},{"taxonomy":"post_tag","embeddable":true,"href":"https:\/\/grillotamaulipeco.com\/index.php\/wp-json\/wp\/v2\/tags?post=22498"}],"curies":[{"name":"wp","href":"https:\/\/api.w.org\/{rel}","templated":true}]}}