{"id":22491,"date":"2026-08-31T15:12:28","date_gmt":"2026-08-31T21:12:28","guid":{"rendered":"https:\/\/grillotamaulipeco.com\/?p=22491"},"modified":"2026-08-31T15:12:30","modified_gmt":"2026-08-31T21:12:30","slug":"arranca-americo-ciclo-escolar-2026-2027-con-apoyos-por-mas-de-354-mdp-para-estudiantes","status":"publish","type":"post","link":"https:\/\/grillotamaulipeco.com\/index.php\/2026\/08\/31\/arranca-americo-ciclo-escolar-2026-2027-con-apoyos-por-mas-de-354-mdp-para-estudiantes\/","title":{"rendered":"Arranca Am\u00e9rico ciclo escolar 2026-2027 con apoyos por m\u00e1s de 354 mdp para estudiantes"},"content":{"rendered":"\n<p>Soto la Marina, Tamaulipas.- El gobernador Am\u00e9rico Villarreal Anaya inaugur\u00f3 la escuela primaria &#8220;Capit\u00e1n de Nav\u00edo Blas God\u00ednez Brito&#8221; y puso en marcha el ciclo escolar 2026-2027, en el que se entregan paquetes de uniformes, mochilas y \u00fatiles escolares con una inversi\u00f3n de m\u00e1s de 354 millones de pesos, en beneficio de 606 mil 702 alumnas y alumnos de educaci\u00f3n b\u00e1sica en Tamaulipas.<\/p>\n\n\n\n<p>Acompa\u00f1ado por el almirante Ramiro Lobato Camacho, comandante de la Primera Regi\u00f3n Naval, en representaci\u00f3n del secretario de Marina, Raymundo Pedro Morales \u00c1ngeles, el gobernador destac\u00f3 que, m\u00e1s importante que las cifras o las cantidades, lo m\u00e1s valioso es que estos apoyos se traduzcan en un beneficio para las personas.<\/p>\n\n\n\n<p>&#8220;Que todo alumno que sigue progresando en su formaci\u00f3n tenga la certeza de que cuenta con un pupitre, que cuenta con un sal\u00f3n de clases y que cuenta con un maestro ante grupo, para poder seguir estudiando y form\u00e1ndose en los retos de esta aventura que va a ser su vida y con la que van a estar contando con la educaci\u00f3n y el conocimiento que tengan a trav\u00e9s de ella&#8221;, dijo.<\/p>\n\n\n\n<p>Agreg\u00f3 que, con el apoyo de la presidenta Claudia Sheinbaum Pardo, se tienen ahora las becas Rita Cetina para todos los alumnos de educaci\u00f3n primaria y que puedan tener m\u00e1s seguridad de la ayuda a sus hogares, que permanezcan en las aulas y tengan una adecuada formaci\u00f3n para los grandes retos que enfrentar\u00e1n en su vida.<\/p>\n\n\n\n<p>&#8220;Que est\u00e9n ustedes con esa visi\u00f3n de futuro de estos gobiernos humanistas que ven y hacen sentir la presencia del gobierno, de sus instituciones en nuestra gente&#8221;, expres\u00f3.<\/p>\n\n\n\n<p>Miguel \u00c1ngel Valdez Garc\u00eda, secretario de Educaci\u00f3n de Tamaulipas, expuso que el ciclo escolar 2026-2027 inicia en Tamaulipas con m\u00e1s de 606 mil 702 alumnas y alumnos, 33 mil 900 maestras y maestros y 6 mil 411 escuelas de educaci\u00f3n b\u00e1sica.<\/p>\n\n\n\n<p>Indic\u00f3 que, gracias a la visi\u00f3n del gobernador Am\u00e9rico Villarreal, hoy se entregan 500 mil paquetes de \u00fatiles escolares en los 43 municipios, con una inversi\u00f3n de 254 millones de pesos, y 71 mil 9 paquetes de uniformes escolares, con tenis y mochilas, en 31 municipios, con una inversi\u00f3n de 100 millones de pesos.<\/p>\n\n\n\n<p>Mencion\u00f3 que en las primarias de Tamaulipas se han distribuido 3 millones 817 mil 331 libros de texto gratuitos y, con el apoyo de la presidenta Claudia Sheinbaum, se destinan 859 millones de pesos para las becas Rita Cetina; 600 millones de pesos para becas Benito Ju\u00e1rez de educaci\u00f3n media superior y 127 millones de pesos en becas para estudiantes universitarios.<\/p>\n\n\n\n<p>&#8220;A ello se suma el programa La Escuela es Nuestra, con 450 millones de pesos. Se\u00f1or gobernador: son m\u00e1s de 2 mil millones de pesos los que usted y la presidenta han destinado al futuro de nuestras ni\u00f1as, nuestros ni\u00f1os y nuestros j\u00f3venes&#8221;, puntualiz\u00f3.<\/p>\n\n\n\n<p>Por su parte, el almirante Ramiro Lobato Camacho, comandante de la Primera Regi\u00f3n Naval, a nombre de la Secretar\u00eda de Marina, agradeci\u00f3 al gobernador Am\u00e9rico Villarreal por su disposici\u00f3n, compromiso y respaldo para hacer posible la entrega de esta escuela que representa, dijo, la voluntad de sumar esfuerzos en favor de la educaci\u00f3n y del futuro de las nuevas generaciones.<\/p>\n\n\n\n<p>&#8220;Se\u00f1or gobernador, esta acci\u00f3n demuestra que cuando las instituciones trabajan de manera coordinada, los resultados se traducen en mejores oportunidades para nuestros ni\u00f1os y ni\u00f1as&#8221;, mencion\u00f3.<\/p>\n\n\n\n<p>La bienvenida al evento estuvo a cargo de Glynnis Georgina Jim\u00e9nez V\u00e1zquez, presidenta municipal de Soto la Marina, quien reconoci\u00f3 el respaldo que brinda el gobernador del Estado a la educaci\u00f3n.<\/p>\n\n\n\n<p>&#8220;Estos apoyos representan mucho m\u00e1s que una entrega, representan tranquilidad para las familias, igualdad de oportunidades para nuestros estudiantes y la certeza de que ning\u00fan ni\u00f1o o joven debe quedarse atr\u00e1s por falta de herramientas para estudiar&#8221;, expres\u00f3.<\/p>\n\n\n\n<p>La alumna de quinto grado Leah Guadalupe Hern\u00e1ndez Rodr\u00edguez expres\u00f3, a nombre de sus compa\u00f1eros, su benepl\u00e1cito por recibir estas nuevas instalaciones: &#8220;Para nosotros no es solamente un edificio o unos salones nuevos, es un espacio donde vamos a aprender, convivir, hacer amigos y cumplir muchas de nuestras metas&#8221;, mencion\u00f3.<\/p>\n","protected":false},"excerpt":{"rendered":"<p>Soto la Marina, Tamaulipas.- El gobernador Am\u00e9rico Villarreal Anaya inaugur\u00f3 la escuela primaria &#8220;Capit\u00e1n de Nav\u00edo Blas God\u00ednez Brito&#8221; y puso en marcha el ciclo escolar<span class=\"excerpt-hellip\"> [\u2026]<\/span><\/p>\n","protected":false},"author":6,"featured_media":22492,"comment_status":"closed","ping_status":"closed","sticky":false,"template":"","format":"standard","meta":[],"categories":[4],"tags":[],"_links":{"self":[{"href":"https:\/\/grillotamaulipeco.com\/index.php\/wp-json\/wp\/v2\/posts\/22491"}],"collection":[{"href":"https:\/\/grillotamaulipeco.com\/index.php\/wp-json\/wp\/v2\/posts"}],"about":[{"href":"https:\/\/grillotamaulipeco.com\/index.php\/wp-json\/wp\/v2\/types\/post"}],"author":[{"embeddable":true,"href":"https:\/\/grillotamaulipeco.com\/index.php\/wp-json\/wp\/v2\/users\/6"}],"replies":[{"embeddable":true,"href":"https:\/\/grillotamaulipeco.com\/index.php\/wp-json\/wp\/v2\/comments?post=22491"}],"version-history":[{"count":1,"href":"https:\/\/grillotamaulipeco.com\/index.php\/wp-json\/wp\/v2\/posts\/22491\/revisions"}],"predecessor-version":[{"id":22493,"href":"https:\/\/grillotamaulipeco.com\/index.php\/wp-json\/wp\/v2\/posts\/22491\/revisions\/22493"}],"wp:featuredmedia":[{"embeddable":true,"href":"https:\/\/grillotamaulipeco.com\/index.php\/wp-json\/wp\/v2\/media\/22492"}],"wp:attachment":[{"href":"https:\/\/grillotamaulipeco.com\/index.php\/wp-json\/wp\/v2\/media?parent=22491"}],"wp:term":[{"taxonomy":"category","embeddable":true,"href":"https:\/\/grillotamaulipeco.com\/index.php\/wp-json\/wp\/v2\/categories?post=22491"},{"taxonomy":"post_tag","embeddable":true,"href":"https:\/\/grillotamaulipeco.com\/index.php\/wp-json\/wp\/v2\/tags?post=22491"}],"curies":[{"name":"wp","href":"https:\/\/api.w.org\/{rel}","templated":true}]}}