{"id":22488,"date":"2026-08-31T14:16:47","date_gmt":"2026-08-31T20:16:47","guid":{"rendered":"https:\/\/grillotamaulipeco.com\/?p=22488"},"modified":"2026-08-31T14:16:49","modified_gmt":"2026-08-31T20:16:49","slug":"encabeza-marco-polo-garza-importante-ceremonia-de-inicio-de-ciclo-escolar-2026-2027-en-burgos","status":"publish","type":"post","link":"https:\/\/grillotamaulipeco.com\/index.php\/2026\/08\/31\/encabeza-marco-polo-garza-importante-ceremonia-de-inicio-de-ciclo-escolar-2026-2027-en-burgos\/","title":{"rendered":"Encabeza Marco Polo Garza importante Ceremonia de inicio de Ciclo Escolar 2026-2027 en Burgos"},"content":{"rendered":"\n<p>Burgos, Tamaulipas.- En esta ceremonia se cont\u00f3 con la presencia del representante del Gobernador Dr. Am\u00e9rico Villarreal Anaya, el Ing. Jaime Felipe Cano Hinojosa, Subsecretario de Construcci\u00f3n en la Secretar\u00eda de obras p\u00fablicas del estado, as\u00ed como la presencia del presidente municipal Marco Polo Garza, dio arranque de manera oficial el ciclo escolar 2026-2027.<\/p>\n\n\n\n<p>Con la participaci\u00f3n de alumnos de diferentes instituciones educativas, se dieron importantes mensajes sobre la educaci\u00f3n y entrega de material educativo que se utilizar\u00e1 en cada escuela de Burgos.<\/p>\n\n\n\n<p>El presidente municipal Marco Polo Garza, dio la bienvenida a los representantes de la educaci\u00f3n b\u00e1sica del Valle de San Fernando, exhort\u00f3 a padres y alumnos formar la unidad para fortalecer una educaci\u00f3n digna en Burgos.<\/p>\n\n\n\n<p>As\u00ed tambi\u00e9n, estuvo presente el Director de Participaci\u00f3n Social en la Unidad Ejecutiva de la SET Mtro. Gustavo Pe\u00f1a Mart\u00ednez, en la representaci\u00f3n del Dr. Miguel \u00c1ngel Valdez Garc\u00eda Secretario de Educaci\u00f3n en Tamaulipas. De la misma manera, el Presidente Municipal C. Marco Polo Garza, as\u00ed como tambi\u00e9n integrantes del Cabildo Profr. Carlos Garza, C. Ana Celia Barrera, C. Arnulfo Gonz\u00e1lez. As\u00ed tambi\u00e9n, con la representaci\u00f3n sindical del Coordinador Regional, estuvo el Mtro. Humberto Hern\u00e1ndez Andrade y como anfitri\u00f3n de este evento el Director de la sede Mtro. Fidencio Gonz\u00e1lez, quien emiti\u00f3 un emotivo mensaje de bienvenida.<\/p>\n","protected":false},"excerpt":{"rendered":"<p>Burgos, Tamaulipas.- En esta ceremonia se cont\u00f3 con la presencia del representante del Gobernador Dr. Am\u00e9rico Villarreal Anaya, el Ing. Jaime Felipe Cano Hinojosa, Subsecretario de<span class=\"excerpt-hellip\"> [\u2026]<\/span><\/p>\n","protected":false},"author":6,"featured_media":22489,"comment_status":"closed","ping_status":"closed","sticky":false,"template":"","format":"standard","meta":[],"categories":[4],"tags":[],"_links":{"self":[{"href":"https:\/\/grillotamaulipeco.com\/index.php\/wp-json\/wp\/v2\/posts\/22488"}],"collection":[{"href":"https:\/\/grillotamaulipeco.com\/index.php\/wp-json\/wp\/v2\/posts"}],"about":[{"href":"https:\/\/grillotamaulipeco.com\/index.php\/wp-json\/wp\/v2\/types\/post"}],"author":[{"embeddable":true,"href":"https:\/\/grillotamaulipeco.com\/index.php\/wp-json\/wp\/v2\/users\/6"}],"replies":[{"embeddable":true,"href":"https:\/\/grillotamaulipeco.com\/index.php\/wp-json\/wp\/v2\/comments?post=22488"}],"version-history":[{"count":1,"href":"https:\/\/grillotamaulipeco.com\/index.php\/wp-json\/wp\/v2\/posts\/22488\/revisions"}],"predecessor-version":[{"id":22490,"href":"https:\/\/grillotamaulipeco.com\/index.php\/wp-json\/wp\/v2\/posts\/22488\/revisions\/22490"}],"wp:featuredmedia":[{"embeddable":true,"href":"https:\/\/grillotamaulipeco.com\/index.php\/wp-json\/wp\/v2\/media\/22489"}],"wp:attachment":[{"href":"https:\/\/grillotamaulipeco.com\/index.php\/wp-json\/wp\/v2\/media?parent=22488"}],"wp:term":[{"taxonomy":"category","embeddable":true,"href":"https:\/\/grillotamaulipeco.com\/index.php\/wp-json\/wp\/v2\/categories?post=22488"},{"taxonomy":"post_tag","embeddable":true,"href":"https:\/\/grillotamaulipeco.com\/index.php\/wp-json\/wp\/v2\/tags?post=22488"}],"curies":[{"name":"wp","href":"https:\/\/api.w.org\/{rel}","templated":true}]}}