{"id":21427,"date":"2026-06-26T11:04:59","date_gmt":"2026-06-26T17:04:59","guid":{"rendered":"https:\/\/grillotamaulipeco.com\/?p=21427"},"modified":"2026-06-26T11:05:07","modified_gmt":"2026-06-26T17:05:07","slug":"acerca-la-feria-nacional-de-empleo-oportunidades-laborales-e-inclusion-en-matamoros","status":"publish","type":"post","link":"https:\/\/grillotamaulipeco.com\/index.php\/2026\/06\/26\/acerca-la-feria-nacional-de-empleo-oportunidades-laborales-e-inclusion-en-matamoros\/","title":{"rendered":"Acerca la Feria Nacional de Empleo oportunidades laborales e inclusi\u00f3n en Matamoros"},"content":{"rendered":"\n<p>Matamoros, Tamaulipas.- Cientos de personas buscadoras de empleo tuvieron acceso a vacantes, servicios de vinculaci\u00f3n laboral y alternativas de desarrollo profesional durante la Feria Nacional de Empleo para la Inclusi\u00f3n Laboral Matamoros 2026, un espacio dise\u00f1ado para fortalecer el encuentro entre el sector productivo y el talento tamaulipeco.<\/p>\n\n\n\n<p>Durante la jornada, que cont\u00f3 con todo el respaldo del secretario del Trabajo y Previsi\u00f3n Social, Luis Gerardo Illoldi Reyes, se destac\u00f3 la importancia de generar mecanismos que faciliten el acceso a empleos formales, dignos e incluyentes, fortaleciendo la competitividad de las empresas y contribuyendo al bienestar de las familias de la regi\u00f3n.<\/p>\n\n\n\n<p>El evento reuni\u00f3 a representantes del sector empresarial, organismos sindicales, instituciones educativas y dependencias gubernamentales, quienes sumaron esfuerzos para ampliar las oportunidades de contrataci\u00f3n y promover la inclusi\u00f3n laboral en Matamoros.<\/p>\n\n\n\n<p>Adem\u00e1s de la oferta de m\u00e1s de mil 400 vacantes, las y los asistentes recibieron orientaci\u00f3n sobre los programas y servicios que ofrece el Servicio Nacional del Empleo, as\u00ed como herramientas para fortalecer sus posibilidades de inserci\u00f3n en el mercado laboral.<\/p>\n\n\n\n<p>En el pres\u00eddium participaron el subsecretario de Empleo y Productividad Laboral de la STPS, Emmanuel Res\u00e9ndez G\u00f3mez; Selene Villalobos Cruz, representante de la STPS en la zona norte; Jos\u00e9 Jaime Mellado V\u00e1zquez, coordinador regional del Servicio Nacional de Empleo en Matamoros; y Consuelo Nayeli Lara Monroy, directora general del Servicio Nacional del Empleo en Tamaulipas.<\/p>\n\n\n\n<p>Estas acciones forman parte de la visi\u00f3n del gobierno humanista y de la transformaci\u00f3n que encabeza Am\u00e9rico Villarreal Anaya, orientada a generar m\u00e1s oportunidades de empleo, inclusi\u00f3n y bienestar para las y los tamaulipecos.<\/p>\n","protected":false},"excerpt":{"rendered":"<p>Matamoros, Tamaulipas.- Cientos de personas buscadoras de empleo tuvieron acceso a vacantes, servicios de vinculaci\u00f3n laboral y alternativas de desarrollo profesional durante la Feria Nacional de<span class=\"excerpt-hellip\"> [\u2026]<\/span><\/p>\n","protected":false},"author":6,"featured_media":21428,"comment_status":"closed","ping_status":"closed","sticky":false,"template":"","format":"standard","meta":[],"categories":[4],"tags":[],"_links":{"self":[{"href":"https:\/\/grillotamaulipeco.com\/index.php\/wp-json\/wp\/v2\/posts\/21427"}],"collection":[{"href":"https:\/\/grillotamaulipeco.com\/index.php\/wp-json\/wp\/v2\/posts"}],"about":[{"href":"https:\/\/grillotamaulipeco.com\/index.php\/wp-json\/wp\/v2\/types\/post"}],"author":[{"embeddable":true,"href":"https:\/\/grillotamaulipeco.com\/index.php\/wp-json\/wp\/v2\/users\/6"}],"replies":[{"embeddable":true,"href":"https:\/\/grillotamaulipeco.com\/index.php\/wp-json\/wp\/v2\/comments?post=21427"}],"version-history":[{"count":1,"href":"https:\/\/grillotamaulipeco.com\/index.php\/wp-json\/wp\/v2\/posts\/21427\/revisions"}],"predecessor-version":[{"id":21429,"href":"https:\/\/grillotamaulipeco.com\/index.php\/wp-json\/wp\/v2\/posts\/21427\/revisions\/21429"}],"wp:featuredmedia":[{"embeddable":true,"href":"https:\/\/grillotamaulipeco.com\/index.php\/wp-json\/wp\/v2\/media\/21428"}],"wp:attachment":[{"href":"https:\/\/grillotamaulipeco.com\/index.php\/wp-json\/wp\/v2\/media?parent=21427"}],"wp:term":[{"taxonomy":"category","embeddable":true,"href":"https:\/\/grillotamaulipeco.com\/index.php\/wp-json\/wp\/v2\/categories?post=21427"},{"taxonomy":"post_tag","embeddable":true,"href":"https:\/\/grillotamaulipeco.com\/index.php\/wp-json\/wp\/v2\/tags?post=21427"}],"curies":[{"name":"wp","href":"https:\/\/api.w.org\/{rel}","templated":true}]}}