{"id":21214,"date":"2026-06-07T14:50:15","date_gmt":"2026-06-07T20:50:15","guid":{"rendered":"https:\/\/grillotamaulipeco.com\/?p=21214"},"modified":"2026-06-07T14:50:16","modified_gmt":"2026-06-07T20:50:16","slug":"inicia-dif-victoria-quinta-edicion-pasos-por-la-educacion","status":"publish","type":"post","link":"https:\/\/grillotamaulipeco.com\/index.php\/2026\/06\/07\/inicia-dif-victoria-quinta-edicion-pasos-por-la-educacion\/","title":{"rendered":"Inicia DIF Victoria quinta edici\u00f3n \u201cPasos por la Educaci\u00f3n\u201d"},"content":{"rendered":"\n<p>Cd. Victoria, 7 de junio de 2026.- La caravana Pasos por la Educaci\u00f3n, inici\u00f3 su quinta edici\u00f3n en las instalaciones del DIF Victoria, d\u00f3nde Lucy de Gatt\u00e1s y el alcalde Eduardo Gatt\u00e1s B\u00e1ez dieron el banderazo a esta iniciativa del coraz\u00f3n social para apoyar a m\u00e1s ni\u00f1as y ni\u00f1os en su estudio el pr\u00f3ximo ciclo escolar.<\/p>\n\n\n\n<p>La campa\u00f1a inici\u00f3 con una importante aportaci\u00f3n de servidores p\u00fablicos municipales, COMAPA Victoria y sociedad civil que se sum\u00f3 con la aportaci\u00f3n voluntaria de mochilas, cuadernos, l\u00e1pices, colores y art\u00edculos esenciales para el regreso a clases.<\/p>\n\n\n\n<p>La presidenta del sistema DIF Municipal, destac\u00f3 que Pasos por la Educaci\u00f3n volver\u00e1 a ser un \u00e9xito gracias a la ciudadan\u00eda, organizaciones y a la Iniciativa Privada, \u201cesperamos este sea un a\u00f1o m\u00e1s\u201d, dijo Lucy de Gatt\u00e1s en el banderazo oficial de esta colecta que se mantendr\u00e1 abierta los pr\u00f3ximos d\u00edas.<\/p>\n\n\n\n<p>En la caravana juntos caminamos, juntos entregamos y juntos abrimos el camino; se\u00f1al\u00f3 el alcalde Eduardo Gatt\u00e1s B\u00e1ez quien agradeci\u00f3 la solidaridad ciudadana por sumarse a esta noble causa y reconoci\u00f3 el trabajo del DIF Victoria que encabeza Lucy de Gatt\u00e1s por impulsar estas causas.<\/p>\n\n\n\n<p>M\u00e1s de 8,500 kits de \u00fatiles y mochilas ha entregado Pasos por la Educaci\u00f3n a lo largo de cuatro a\u00f1os, apoyos que no pertenecen a ninguna instituci\u00f3n y que se entregan a nombre de la solidaridad social.<\/p>\n","protected":false},"excerpt":{"rendered":"<p>Cd. Victoria, 7 de junio de 2026.- La caravana Pasos por la Educaci\u00f3n, inici\u00f3 su quinta edici\u00f3n en las instalaciones del DIF Victoria, d\u00f3nde Lucy de<span class=\"excerpt-hellip\"> [\u2026]<\/span><\/p>\n","protected":false},"author":6,"featured_media":21215,"comment_status":"closed","ping_status":"closed","sticky":false,"template":"","format":"standard","meta":[],"categories":[4],"tags":[],"_links":{"self":[{"href":"https:\/\/grillotamaulipeco.com\/index.php\/wp-json\/wp\/v2\/posts\/21214"}],"collection":[{"href":"https:\/\/grillotamaulipeco.com\/index.php\/wp-json\/wp\/v2\/posts"}],"about":[{"href":"https:\/\/grillotamaulipeco.com\/index.php\/wp-json\/wp\/v2\/types\/post"}],"author":[{"embeddable":true,"href":"https:\/\/grillotamaulipeco.com\/index.php\/wp-json\/wp\/v2\/users\/6"}],"replies":[{"embeddable":true,"href":"https:\/\/grillotamaulipeco.com\/index.php\/wp-json\/wp\/v2\/comments?post=21214"}],"version-history":[{"count":1,"href":"https:\/\/grillotamaulipeco.com\/index.php\/wp-json\/wp\/v2\/posts\/21214\/revisions"}],"predecessor-version":[{"id":21216,"href":"https:\/\/grillotamaulipeco.com\/index.php\/wp-json\/wp\/v2\/posts\/21214\/revisions\/21216"}],"wp:featuredmedia":[{"embeddable":true,"href":"https:\/\/grillotamaulipeco.com\/index.php\/wp-json\/wp\/v2\/media\/21215"}],"wp:attachment":[{"href":"https:\/\/grillotamaulipeco.com\/index.php\/wp-json\/wp\/v2\/media?parent=21214"}],"wp:term":[{"taxonomy":"category","embeddable":true,"href":"https:\/\/grillotamaulipeco.com\/index.php\/wp-json\/wp\/v2\/categories?post=21214"},{"taxonomy":"post_tag","embeddable":true,"href":"https:\/\/grillotamaulipeco.com\/index.php\/wp-json\/wp\/v2\/tags?post=21214"}],"curies":[{"name":"wp","href":"https:\/\/api.w.org\/{rel}","templated":true}]}}