{"id":20795,"date":"2026-04-22T16:36:22","date_gmt":"2026-04-22T22:36:22","guid":{"rendered":"https:\/\/grillotamaulipeco.com\/?p=20795"},"modified":"2026-04-22T16:36:23","modified_gmt":"2026-04-22T22:36:23","slug":"dif-y-gobierno-municipal-invitan-a-celebrar-el-dia-de-la-nina-y-el-nino","status":"publish","type":"post","link":"https:\/\/grillotamaulipeco.com\/index.php\/2026\/04\/22\/dif-y-gobierno-municipal-invitan-a-celebrar-el-dia-de-la-nina-y-el-nino\/","title":{"rendered":"Dif y Gobierno Municipal invitan a celebrar el d\u00eda de la ni\u00f1a y el ni\u00f1o"},"content":{"rendered":"\n<p>San Fernando, Tam.\u2013 Como parte de las acciones impulsadas por el Sistema DIF Tamaulipas, presidido por la doctora Mar\u00eda de Villarreal, orientadas a fortalecer la uni\u00f3n familiar y el bienestar de la ni\u00f1ez, el Sistema DIF San Fernando, encabezado por el ingeniero Erick Alberto Rivera Rosas, en coordinaci\u00f3n con el Gobierno Municipal, dirigido por la licenciada Ver\u00f3nica Aguirre, llevar\u00e1 a cabo el evento \u201cD\u00eda de la Ni\u00f1a y el Ni\u00f1o DIFzania 2026 bajo el lema \u201cMi familia, mis h\u00e9roes\u201d.<\/p>\n\n\n\n<p>La celebraci\u00f3n est\u00e1 dise\u00f1ada para brindar a las familias un momento de uni\u00f3n, diversi\u00f3n y esparcimiento, donde ni\u00f1as y ni\u00f1os podr\u00e1n disfrutar de una amplia variedad de actividades recreativas.<\/p>\n\n\n\n<p>El evento contar\u00e1 con juegos mec\u00e1nicos, show infantil, payasos, pintacaritas y diversas sorpresas que har\u00e1n de esta jornada una experiencia inolvidable.<\/p>\n\n\n\n<p>La cita es este domingo 26 de abril, a partir de las 16:00 horas, en la plaza municipal, donde se espera la asistencia de familias de todo el municipio.<\/p>\n\n\n\n<p>El Sistema DIF invita a la ciudadan\u00eda a sumarse a esta gran celebraci\u00f3n y a compartir juntos un d\u00eda lleno de sonrisas y momentos especiales.<\/p>\n","protected":false},"excerpt":{"rendered":"<p>San Fernando, Tam.\u2013 Como parte de las acciones impulsadas por el Sistema DIF Tamaulipas, presidido por la doctora Mar\u00eda de Villarreal, orientadas a fortalecer la uni\u00f3n<span class=\"excerpt-hellip\"> [\u2026]<\/span><\/p>\n","protected":false},"author":6,"featured_media":20796,"comment_status":"closed","ping_status":"closed","sticky":false,"template":"","format":"standard","meta":[],"categories":[4],"tags":[],"_links":{"self":[{"href":"https:\/\/grillotamaulipeco.com\/index.php\/wp-json\/wp\/v2\/posts\/20795"}],"collection":[{"href":"https:\/\/grillotamaulipeco.com\/index.php\/wp-json\/wp\/v2\/posts"}],"about":[{"href":"https:\/\/grillotamaulipeco.com\/index.php\/wp-json\/wp\/v2\/types\/post"}],"author":[{"embeddable":true,"href":"https:\/\/grillotamaulipeco.com\/index.php\/wp-json\/wp\/v2\/users\/6"}],"replies":[{"embeddable":true,"href":"https:\/\/grillotamaulipeco.com\/index.php\/wp-json\/wp\/v2\/comments?post=20795"}],"version-history":[{"count":1,"href":"https:\/\/grillotamaulipeco.com\/index.php\/wp-json\/wp\/v2\/posts\/20795\/revisions"}],"predecessor-version":[{"id":20797,"href":"https:\/\/grillotamaulipeco.com\/index.php\/wp-json\/wp\/v2\/posts\/20795\/revisions\/20797"}],"wp:featuredmedia":[{"embeddable":true,"href":"https:\/\/grillotamaulipeco.com\/index.php\/wp-json\/wp\/v2\/media\/20796"}],"wp:attachment":[{"href":"https:\/\/grillotamaulipeco.com\/index.php\/wp-json\/wp\/v2\/media?parent=20795"}],"wp:term":[{"taxonomy":"category","embeddable":true,"href":"https:\/\/grillotamaulipeco.com\/index.php\/wp-json\/wp\/v2\/categories?post=20795"},{"taxonomy":"post_tag","embeddable":true,"href":"https:\/\/grillotamaulipeco.com\/index.php\/wp-json\/wp\/v2\/tags?post=20795"}],"curies":[{"name":"wp","href":"https:\/\/api.w.org\/{rel}","templated":true}]}}