{"id":20768,"date":"2026-03-16T15:25:00","date_gmt":"2026-03-16T21:25:00","guid":{"rendered":"https:\/\/grillotamaulipeco.com\/?p=20768"},"modified":"2026-04-21T15:26:55","modified_gmt":"2026-04-21T21:26:55","slug":"se-llevara-a-cabo-en-tampico-el-cuarto-foro-estatal-del-agua-tamaulipas-2026","status":"publish","type":"post","link":"https:\/\/grillotamaulipeco.com\/index.php\/2026\/03\/16\/se-llevara-a-cabo-en-tampico-el-cuarto-foro-estatal-del-agua-tamaulipas-2026\/","title":{"rendered":"Se llevar\u00e1 a cabo en Tampico el Cuarto Foro Estatal del Agua Tamaulipas 2026"},"content":{"rendered":"\n<p>En el marco de la conmemoraci\u00f3n del D\u00eda Mundial del Agua, que se celebra cada 22 de marzo, la Secretar\u00eda de Recursos Hidr\u00e1ulicos para el Desarrollo Social inform\u00f3 que la ciudad de Tampico ser\u00e1 sede del Cuarto Foro Estatal del Agua Tamaulipas 2026, un espacio orientado a fortalecer la reflexi\u00f3n y el intercambio de experiencias sobre el cuidado y uso responsable del recurso h\u00eddrico en el estado.<\/p>\n\n\n\n<p>El titular de la dependencia, Ra\u00fal Quiroga \u00c1lvarez, dio a conocer que este encuentro se realizar\u00e1 los d\u00edas 19 y 20 de marzo, bajo el lema \u201cAgua, motor del desarrollo en Tamaulipas\u201d.<\/p>\n\n\n\n<p>Durante el foro se desarrollar\u00e1 un ciclo de ponencias y conversatorios relacionados con el escenario h\u00eddrico, adem\u00e1s de una exposici\u00f3n de stands con la participaci\u00f3n de aproximadamente 50 proveedores, quienes presentar\u00e1n soluciones tecnol\u00f3gicas y productos innovadores dirigidos al sector del agua.<\/p>\n\n\n\n<p>Asimismo, como parte de las actividades conmemorativas, se realizar\u00e1 la Carrera Atl\u00e9tica \u201cD\u00eda Mundial del Agua\u201d, que tendr\u00e1 como punto de salida el Parque Metropolitano de la Laguna del Carpintero, con recorridos de 10, 5 y 2.5 kil\u00f3metros, abierta a la participaci\u00f3n de la ciudadan\u00eda.<\/p>\n","protected":false},"excerpt":{"rendered":"<p>En el marco de la conmemoraci\u00f3n del D\u00eda Mundial del Agua, que se celebra cada 22 de marzo, la Secretar\u00eda de Recursos Hidr\u00e1ulicos para el Desarrollo<span class=\"excerpt-hellip\"> [\u2026]<\/span><\/p>\n","protected":false},"author":6,"featured_media":20769,"comment_status":"closed","ping_status":"closed","sticky":false,"template":"","format":"standard","meta":[],"categories":[4],"tags":[],"_links":{"self":[{"href":"https:\/\/grillotamaulipeco.com\/index.php\/wp-json\/wp\/v2\/posts\/20768"}],"collection":[{"href":"https:\/\/grillotamaulipeco.com\/index.php\/wp-json\/wp\/v2\/posts"}],"about":[{"href":"https:\/\/grillotamaulipeco.com\/index.php\/wp-json\/wp\/v2\/types\/post"}],"author":[{"embeddable":true,"href":"https:\/\/grillotamaulipeco.com\/index.php\/wp-json\/wp\/v2\/users\/6"}],"replies":[{"embeddable":true,"href":"https:\/\/grillotamaulipeco.com\/index.php\/wp-json\/wp\/v2\/comments?post=20768"}],"version-history":[{"count":1,"href":"https:\/\/grillotamaulipeco.com\/index.php\/wp-json\/wp\/v2\/posts\/20768\/revisions"}],"predecessor-version":[{"id":20770,"href":"https:\/\/grillotamaulipeco.com\/index.php\/wp-json\/wp\/v2\/posts\/20768\/revisions\/20770"}],"wp:featuredmedia":[{"embeddable":true,"href":"https:\/\/grillotamaulipeco.com\/index.php\/wp-json\/wp\/v2\/media\/20769"}],"wp:attachment":[{"href":"https:\/\/grillotamaulipeco.com\/index.php\/wp-json\/wp\/v2\/media?parent=20768"}],"wp:term":[{"taxonomy":"category","embeddable":true,"href":"https:\/\/grillotamaulipeco.com\/index.php\/wp-json\/wp\/v2\/categories?post=20768"},{"taxonomy":"post_tag","embeddable":true,"href":"https:\/\/grillotamaulipeco.com\/index.php\/wp-json\/wp\/v2\/tags?post=20768"}],"curies":[{"name":"wp","href":"https:\/\/api.w.org\/{rel}","templated":true}]}}