{"id":20160,"date":"2026-03-16T14:52:25","date_gmt":"2026-03-16T20:52:25","guid":{"rendered":"https:\/\/grillotamaulipeco.com\/?p=20160"},"modified":"2026-03-16T14:52:26","modified_gmt":"2026-03-16T20:52:26","slug":"eligen-a-la-corte-real-del-277-aniversario-brilla-la-gran-final-de-senorita-san-fernando-2026","status":"publish","type":"post","link":"https:\/\/grillotamaulipeco.com\/index.php\/2026\/03\/16\/eligen-a-la-corte-real-del-277-aniversario-brilla-la-gran-final-de-senorita-san-fernando-2026\/","title":{"rendered":"Eligen a la Corte Real del 277 Aniversario; brilla la gran final de Se\u00f1orita San Fernando 2026"},"content":{"rendered":"\n<p>San Fernando, Tam.\u2014 En una noche llena de emoci\u00f3n, elegancia y orgullo por las tradiciones del municipio, se llev\u00f3 a cabo la elecci\u00f3n de la Corte Real del 277 Aniversario de la Fundaci\u00f3n de San Fernando, evento encabezado por la alcaldesa Ver\u00f3nica Adriana Aguirre de los Santos y por el presidente del Sistema DIF Municipal, Erick Alberto Rivera Rosas, quienes destacaron la importancia de fortalecer las tradiciones y brindar espacios de participaci\u00f3n a la juventud sanfernandense.La ceremonia se realiz\u00f3 en el Centro de Convenciones de San Fernando, donde se desarroll\u00f3 la gran final del certamen Se\u00f1orita San Fernando 2026, contando adem\u00e1s con la presencia de s\u00edndicos, regidores y funcionarios del Ayuntamiento.Durante la velada participaron 11 j\u00f3venes aspirantes, quienes desde el inicio del programa protagonizaron un vistoso opening para posteriormente realizar su autopresentaci\u00f3n ante el p\u00fablico y el jurado calificador, mostrando entusiasmo, seguridad y orgullo por representar a sus comunidades.Como parte del programa, las participantes realizaron pasarela casual y posteriormente pasarela en vestido de gala, etapas en las que destacaron su porte, elegancia y desenvolvimiento en el escenario. Posteriormente participaron en la etapa de entrevista, considerada uno de los momentos clave para la evaluaci\u00f3n final.En su oportunidad, la alcaldesa Ver\u00f3nica Adriana Aguirre de los Santos dirigi\u00f3 un mensaje a los asistentes en el que reconoci\u00f3 el esfuerzo de las j\u00f3venes participantes, resaltando que este tipo de eventos forman parte de las tradiciones que fortalecen la identidad y el orgullo de las familias de San Fernando, adem\u00e1s de impulsar la participaci\u00f3n de la juventud en las actividades culturales del municipio.A lo largo del evento tambi\u00e9n se presentaron bloques musicales y se realiz\u00f3 la entrega de bandas y reconocimientos a las concursantes, en un ambiente festivo que fue ampliamente disfrutado por el p\u00fablico.Tras la deliberaci\u00f3n del jurado calificador, se llev\u00f3 a cabo la elecci\u00f3n de la Corte Real, correspondiendo a la alcaldesa Ver\u00f3nica Adriana Aguirre de los Santos y al presidente del DIF, Erick Alberto Rivera Rosas, colocar las bandas a las j\u00f3venes que representar\u00e1n estas tradicionales celebraciones.De esta manera, Esmeralda Moreno fue elegida Reina, M\u00eda Calder\u00f3n obtuvo el t\u00edtulo de Princesa, mientras que Eusebia Jimena Ch\u00e1vez fue nombrada Duquesa del 277 Aniversario de la Fundaci\u00f3n de San Fernando.Finalmente, se inform\u00f3 que ser\u00e1 el pr\u00f3ximo 19 de marzo cuando se lleve a cabo la coronaci\u00f3n oficial de la Reina, Princesa y Duquesa, en el evento principal de las festividades por el 277 aniversario de la fundaci\u00f3n de San Fernando, celebraci\u00f3n que cada a\u00f1o reafirma la historia, identidad y orgullo de las familias sanfernandenses.<\/p>\n","protected":false},"excerpt":{"rendered":"<p>San Fernando, Tam.\u2014 En una noche llena de emoci\u00f3n, elegancia y orgullo por las tradiciones del municipio, se llev\u00f3 a cabo la elecci\u00f3n de la Corte<span class=\"excerpt-hellip\"> [\u2026]<\/span><\/p>\n","protected":false},"author":6,"featured_media":20161,"comment_status":"closed","ping_status":"closed","sticky":false,"template":"","format":"standard","meta":[],"categories":[4],"tags":[],"_links":{"self":[{"href":"https:\/\/grillotamaulipeco.com\/index.php\/wp-json\/wp\/v2\/posts\/20160"}],"collection":[{"href":"https:\/\/grillotamaulipeco.com\/index.php\/wp-json\/wp\/v2\/posts"}],"about":[{"href":"https:\/\/grillotamaulipeco.com\/index.php\/wp-json\/wp\/v2\/types\/post"}],"author":[{"embeddable":true,"href":"https:\/\/grillotamaulipeco.com\/index.php\/wp-json\/wp\/v2\/users\/6"}],"replies":[{"embeddable":true,"href":"https:\/\/grillotamaulipeco.com\/index.php\/wp-json\/wp\/v2\/comments?post=20160"}],"version-history":[{"count":1,"href":"https:\/\/grillotamaulipeco.com\/index.php\/wp-json\/wp\/v2\/posts\/20160\/revisions"}],"predecessor-version":[{"id":20162,"href":"https:\/\/grillotamaulipeco.com\/index.php\/wp-json\/wp\/v2\/posts\/20160\/revisions\/20162"}],"wp:featuredmedia":[{"embeddable":true,"href":"https:\/\/grillotamaulipeco.com\/index.php\/wp-json\/wp\/v2\/media\/20161"}],"wp:attachment":[{"href":"https:\/\/grillotamaulipeco.com\/index.php\/wp-json\/wp\/v2\/media?parent=20160"}],"wp:term":[{"taxonomy":"category","embeddable":true,"href":"https:\/\/grillotamaulipeco.com\/index.php\/wp-json\/wp\/v2\/categories?post=20160"},{"taxonomy":"post_tag","embeddable":true,"href":"https:\/\/grillotamaulipeco.com\/index.php\/wp-json\/wp\/v2\/tags?post=20160"}],"curies":[{"name":"wp","href":"https:\/\/api.w.org\/{rel}","templated":true}]}}